{"id":289,"date":"2011-10-11T09:03:37","date_gmt":"2011-10-11T07:03:37","guid":{"rendered":"http:\/\/www.huebleronline.de\/wordpress\/?p=289"},"modified":"2023-02-17T18:53:17","modified_gmt":"2023-02-17T17:53:17","slug":"schutzenfest-in-der-ostendstrase-berlin-oberschoneweide","status":"publish","type":"post","link":"https:\/\/www.huebleronline.de\/wordpress\/schutzenfest-in-der-ostendstrase-berlin-oberschoneweide\/","title":{"rendered":"Sch\u00fctzenfest in der Ostendstra\u00dfe, Berlin Obersch\u00f6neweide"},"content":{"rendered":"<p><strong>Gruss vom Sch\u00fctzenplatz Ob=Sch\u00f6neweide<a href=\"https:\/\/www.huebleronline.de\/wordpress\/wp-content\/uploads\/2011\/10\/nag.jpg\" rel=\"lightbox[289]\"><img loading=\"lazy\" decoding=\"async\" class=\"size-full wp-image-339 alignright\" title=\"nag\" src=\"https:\/\/www.huebleronline.de\/wordpress\/wp-content\/uploads\/2011\/10\/nag.jpg\" alt=\"\" width=\"184\" height=\"132\"><\/a><\/strong><br \/>\nKaum zu glauben, dass diese alte Ansichtskarte die Stelle zeigt, an der heute der gro\u00dfe Geb\u00e4udekomplex (rechts)&nbsp;steht, den Peter Behrens von 1914 bis 1917 f\u00fcr die AEG errichtete (NAG,&nbsp; WF &#8211;&nbsp;Werk f\u00fcr Fernsehelektronik, Samsung).<\/p>\nngg_shortcode_0_placeholder\n<p><!--more--><\/p>\n<p>Im Vordergrund ist die Ecke Wilheminenhofstra\u00dfe\/Ostendstra\u00dfe zu sehen. Die Spree flie\u00dft etwa im oberen Drittel der Ansicht, hinter dem Gasthaus &#8222;Strandschlo\u00df&#8220; (links). Gegen\u00fcber Wolffs Cattunfabrik. Im Hintergrund die Altstadt K\u00f6penick mit den markanten T\u00fcrmen des Rathauses und der Laurentius-Kirche.<\/p>\n<p>Vermutlich entstand dieses Foto in um 1913.<\/p>\n<p>Das Gel\u00e4nde liegt &#8222;unter&#8220; dem Dampfer auf dieser Lithographie von 1904.<\/p>\nngg_shortcode_1_placeholder\n<p>&nbsp;<\/p>\n<p><code>[ratings]<\/code><\/p>\n","protected":false},"excerpt":{"rendered":"<p>Gruss vom Sch\u00fctzenplatz Ob=Sch\u00f6neweide Kaum zu glauben, dass diese alte Ansichtskarte die Stelle zeigt, an der heute der gro\u00dfe Geb\u00e4udekomplex (rechts)&nbsp;steht, den Peter Behrens von 1914 bis 1917 f\u00fcr die AEG errichtete (NAG,&nbsp; WF &#8211;&nbsp;Werk f\u00fcr Fernsehelektronik, Samsung).<\/p>\n","protected":false},"author":1,"featured_media":0,"comment_status":"open","ping_status":"open","sticky":false,"template":"","format":"standard","meta":{"ngg_post_thumbnail":0,"_jetpack_memberships_contains_paid_content":false,"footnotes":""},"categories":[13,14,15,17,1,16],"tags":[33,32],"class_list":["post-289","post","type-post","status-publish","format-standard","hentry","category-an-der-oberspree","category-ansichtskarte","category-berlin","category-historisches","category-home","category-oberschoneweide","tag-ansichtskarte","tag-oberschoneweide"],"jetpack_featured_media_url":"","jetpack_sharing_enabled":true,"_links":{"self":[{"href":"https:\/\/www.huebleronline.de\/wordpress\/wp-json\/wp\/v2\/posts\/289","targetHints":{"allow":["GET"]}}],"collection":[{"href":"https:\/\/www.huebleronline.de\/wordpress\/wp-json\/wp\/v2\/posts"}],"about":[{"href":"https:\/\/www.huebleronline.de\/wordpress\/wp-json\/wp\/v2\/types\/post"}],"author":[{"embeddable":true,"href":"https:\/\/www.huebleronline.de\/wordpress\/wp-json\/wp\/v2\/users\/1"}],"replies":[{"embeddable":true,"href":"https:\/\/www.huebleronline.de\/wordpress\/wp-json\/wp\/v2\/comments?post=289"}],"version-history":[{"count":0,"href":"https:\/\/www.huebleronline.de\/wordpress\/wp-json\/wp\/v2\/posts\/289\/revisions"}],"wp:attachment":[{"href":"https:\/\/www.huebleronline.de\/wordpress\/wp-json\/wp\/v2\/media?parent=289"}],"wp:term":[{"taxonomy":"category","embeddable":true,"href":"https:\/\/www.huebleronline.de\/wordpress\/wp-json\/wp\/v2\/categories?post=289"},{"taxonomy":"post_tag","embeddable":true,"href":"https:\/\/www.huebleronline.de\/wordpress\/wp-json\/wp\/v2\/tags?post=289"}],"curies":[{"name":"wp","href":"https:\/\/api.w.org\/{rel}","templated":true}]}}