{"id":363,"date":"2011-10-15T18:38:53","date_gmt":"2011-10-15T16:38:53","guid":{"rendered":"http:\/\/www.huebleronline.de\/wordpress\/?p=363"},"modified":"2023-02-28T18:31:09","modified_gmt":"2023-02-28T17:31:09","slug":"alte-ansichten-vom-friedensplatz-in-berlin-oberschoneweide","status":"publish","type":"post","link":"https:\/\/www.huebleronline.de\/wordpress\/alte-ansichten-vom-friedensplatz-in-berlin-oberschoneweide\/","title":{"rendered":"Alte Ansichten vom Friedensplatz in Berlin Obersch\u00f6neweide"},"content":{"rendered":"\n<p>Bis 1935 gab es diesen Platz an der Kreuzung Siemensstra\u00dfe, Wilhelminenhofstra\u00dfe und&nbsp;Nalepastra\u00dfe. Ein paar alte Ansichtskarten zeigen, wie es vor etwa hundert ahren hier aussah.<\/p>\n\n\n\n<!--more-->\n\n\n\n<figure class=\"wp-block-image size-full\"><a href=\"https:\/\/www.huebleronline.de\/wordpress\/wp-content\/uploads\/2023\/02\/friedensplatz_1910_0-1.jpg\" rel=\"lightbox[363]\"><img loading=\"lazy\" decoding=\"async\" width=\"800\" height=\"496\" src=\"https:\/\/www.huebleronline.de\/wordpress\/wp-content\/uploads\/2023\/02\/friedensplatz_1910_0-1.jpg\" alt=\"\" class=\"wp-image-1237\" srcset=\"https:\/\/www.huebleronline.de\/wordpress\/wp-content\/uploads\/2023\/02\/friedensplatz_1910_0-1.jpg 800w, https:\/\/www.huebleronline.de\/wordpress\/wp-content\/uploads\/2023\/02\/friedensplatz_1910_0-1-300x186.jpg 300w, https:\/\/www.huebleronline.de\/wordpress\/wp-content\/uploads\/2023\/02\/friedensplatz_1910_0-1-768x476.jpg 768w, https:\/\/www.huebleronline.de\/wordpress\/wp-content\/uploads\/2023\/02\/friedensplatz_1910_0-1-484x300.jpg 484w\" sizes=\"auto, (max-width: 800px) 100vw, 800px\" \/><\/a><\/figure>\n\n\n\n<p>Diese alte Karte ist 1910\u00a0gelaufen. Die Ansicht ist aber einige Jahre \u00e4lter, denn am Ende der Siemesstra\u00dfe ist noch Wald zu sehen.<\/p>\n\n\n\n<figure class=\"wp-block-image size-full\"><a href=\"https:\/\/www.huebleronline.de\/wordpress\/wp-content\/uploads\/2023\/02\/friedensplatz_0-1.jpg\" rel=\"lightbox[363]\"><img loading=\"lazy\" decoding=\"async\" width=\"800\" height=\"497\" src=\"https:\/\/www.huebleronline.de\/wordpress\/wp-content\/uploads\/2023\/02\/friedensplatz_0-1.jpg\" alt=\"\" class=\"wp-image-1235\" srcset=\"https:\/\/www.huebleronline.de\/wordpress\/wp-content\/uploads\/2023\/02\/friedensplatz_0-1.jpg 800w, https:\/\/www.huebleronline.de\/wordpress\/wp-content\/uploads\/2023\/02\/friedensplatz_0-1-300x186.jpg 300w, https:\/\/www.huebleronline.de\/wordpress\/wp-content\/uploads\/2023\/02\/friedensplatz_0-1-768x477.jpg 768w, https:\/\/www.huebleronline.de\/wordpress\/wp-content\/uploads\/2023\/02\/friedensplatz_0-1-483x300.jpg 483w\" sizes=\"auto, (max-width: 800px) 100vw, 800px\" \/><\/a><\/figure>\n\n\n\n<p>Im Hintergrund ist die Kirche St. Antonius zu sehen, die von 1906 bis 1907 gebaut wurde. Das Eckgeb\u00e4ude Siemensstra\u00dfe\/Wilhelminenhofstra\u00dfe&nbsp; ist im zweiten Weltkrieg zerst\u00f6rt worden.<\/p>\n\n\n\n<figure class=\"wp-block-image size-full\"><a href=\"https:\/\/www.huebleronline.de\/wordpress\/wp-content\/uploads\/2023\/02\/friedensplatz_1907_0-1.jpg\" rel=\"lightbox[363]\"><img loading=\"lazy\" decoding=\"async\" width=\"800\" height=\"514\" src=\"https:\/\/www.huebleronline.de\/wordpress\/wp-content\/uploads\/2023\/02\/friedensplatz_1907_0-1.jpg\" alt=\"\" class=\"wp-image-1236\" srcset=\"https:\/\/www.huebleronline.de\/wordpress\/wp-content\/uploads\/2023\/02\/friedensplatz_1907_0-1.jpg 800w, https:\/\/www.huebleronline.de\/wordpress\/wp-content\/uploads\/2023\/02\/friedensplatz_1907_0-1-300x193.jpg 300w, https:\/\/www.huebleronline.de\/wordpress\/wp-content\/uploads\/2023\/02\/friedensplatz_1907_0-1-768x493.jpg 768w, https:\/\/www.huebleronline.de\/wordpress\/wp-content\/uploads\/2023\/02\/friedensplatz_1907_0-1-467x300.jpg 467w\" sizes=\"auto, (max-width: 800px) 100vw, 800px\" \/><\/a><\/figure>\n\n\n\n<p>1907. Blick in die Wilhelminenhofstra\u00dfe, die am Friedensplatz beginnt. Zu sehen sind die Gleise der Bullenbahn. Das Geb\u00e4ude der Kupferwerke steht noch heute.<\/p>\n\n\n\n<figure class=\"wp-block-image size-full\"><a href=\"https:\/\/www.huebleronline.de\/wordpress\/wp-content\/uploads\/ngg_featured\/tabbertstr-pharus_1916.jpg\" rel=\"lightbox[363]\"><img loading=\"lazy\" decoding=\"async\" width=\"800\" height=\"458\" src=\"https:\/\/www.huebleronline.de\/wordpress\/wp-content\/uploads\/ngg_featured\/tabbertstr-pharus_1916.jpg\" alt=\"\" class=\"wp-image-1072\" srcset=\"https:\/\/www.huebleronline.de\/wordpress\/wp-content\/uploads\/ngg_featured\/tabbertstr-pharus_1916.jpg 800w, https:\/\/www.huebleronline.de\/wordpress\/wp-content\/uploads\/ngg_featured\/tabbertstr-pharus_1916-300x172.jpg 300w, https:\/\/www.huebleronline.de\/wordpress\/wp-content\/uploads\/ngg_featured\/tabbertstr-pharus_1916-768x440.jpg 768w, https:\/\/www.huebleronline.de\/wordpress\/wp-content\/uploads\/ngg_featured\/tabbertstr-pharus_1916-500x286.jpg 500w\" sizes=\"auto, (max-width: 800px) 100vw, 800px\" \/><\/a><\/figure>\n\n\n\n<p>Ausschnitt Gro\u00dfer Verkehrs-Plan Berlin und seine Vororte von 1916.<br>Mit freundlicher Genehmigung von <a href=\"http:\/\/www.pharus.eu\">www.pharus.eu<\/a><\/p>\n\n\n\n<p>Weitere Informationen zum Friedensplatz:<br><a href=\"http:\/\/www.luise-berlin.de\/strassen\/bez16h\/f415.htm\">http:\/\/www.luise-berlin.de\/strassen\/bez16h\/f415.htm<\/a><\/p>\n","protected":false},"excerpt":{"rendered":"<p>Bis 1935 gab es diesen Platz an der Kreuzung Siemensstra\u00dfe, Wilhelminenhofstra\u00dfe und&nbsp;Nalepastra\u00dfe. Ein paar alte Ansichtskarten zeigen, wie es vor etwa hundert ahren hier aussah.<\/p>\n","protected":false},"author":1,"featured_media":0,"comment_status":"open","ping_status":"open","sticky":false,"template":"","format":"standard","meta":{"ngg_post_thumbnail":0,"_jetpack_memberships_contains_paid_content":false,"footnotes":""},"categories":[13,14,15,17,20,16],"tags":[33,36,32],"class_list":["post-363","post","type-post","status-publish","format-standard","hentry","category-an-der-oberspree","category-ansichtskarte","category-berlin","category-historisches","category-kopenick","category-oberschoneweide","tag-ansichtskarte","tag-kopenick","tag-oberschoneweide"],"jetpack_featured_media_url":"","jetpack_sharing_enabled":true,"_links":{"self":[{"href":"https:\/\/www.huebleronline.de\/wordpress\/wp-json\/wp\/v2\/posts\/363","targetHints":{"allow":["GET"]}}],"collection":[{"href":"https:\/\/www.huebleronline.de\/wordpress\/wp-json\/wp\/v2\/posts"}],"about":[{"href":"https:\/\/www.huebleronline.de\/wordpress\/wp-json\/wp\/v2\/types\/post"}],"author":[{"embeddable":true,"href":"https:\/\/www.huebleronline.de\/wordpress\/wp-json\/wp\/v2\/users\/1"}],"replies":[{"embeddable":true,"href":"https:\/\/www.huebleronline.de\/wordpress\/wp-json\/wp\/v2\/comments?post=363"}],"version-history":[{"count":0,"href":"https:\/\/www.huebleronline.de\/wordpress\/wp-json\/wp\/v2\/posts\/363\/revisions"}],"wp:attachment":[{"href":"https:\/\/www.huebleronline.de\/wordpress\/wp-json\/wp\/v2\/media?parent=363"}],"wp:term":[{"taxonomy":"category","embeddable":true,"href":"https:\/\/www.huebleronline.de\/wordpress\/wp-json\/wp\/v2\/categories?post=363"},{"taxonomy":"post_tag","embeddable":true,"href":"https:\/\/www.huebleronline.de\/wordpress\/wp-json\/wp\/v2\/tags?post=363"}],"curies":[{"name":"wp","href":"https:\/\/api.w.org\/{rel}","templated":true}]}}